{"id":5,"date":"2022-05-04T19:07:35","date_gmt":"2022-05-04T17:07:35","guid":{"rendered":"http:\/\/felipemartinez.fr\/?p=5"},"modified":"2022-11-09T23:30:53","modified_gmt":"2022-11-09T22:30:53","slug":"printemps-2022","status":"publish","type":"post","link":"http:\/\/felipemartinez.fr\/?p=5","title":{"rendered":"Printemps 2022"},"content":{"rendered":"\n<h3 class=\"wp-block-heading\">En \u00e9cho du mois de mai 2007&#8230;<\/h3>\n\n\n\n<p>\u00c0 l\u2019aube du second tour des \u00e9lections pr\u00e9sidentielles je suis comme au creux d\u2019une vague de d\u00e9sespoir, m\u00eame si nous sommes \u00e0 peu pr\u00e8s la moiti\u00e9 \u00e0 ne pas vouloir de celui qui est en haut des sondages. J\u2019\u00e9prouve une profonde solitude. La faible part de celles et ceux qui donneront une majorit\u00e9 isolent un camp ou un autre. L\u2019espoir possible serait l\u2019id\u00e9e de r\u00e9volte, de r\u00e9sistance, de r\u00e9seau.<br>Je regarde ma petite Zola et j\u2019ai d\u00e9j\u00e0 envie de m\u2019excuser en m\u2019essuyant les yeux.<\/p>\n\n\n\n<blockquote class=\"wp-block-quote is-style-plain has-medium-font-size is-layout-flow wp-block-quote-is-layout-flow\">\n<blockquote class=\"wp-block-quote is-style-plain is-layout-flow wp-block-quote-is-layout-flow\">\n<div class=\"wp-block-columns is-layout-flex wp-container-core-columns-is-layout-9d6595d7 wp-block-columns-is-layout-flex\"><\/div>\n<\/blockquote>\n<\/blockquote>\n","protected":false},"excerpt":{"rendered":"<p>En \u00e9cho du mois de mai 2007&#8230; \u00c0 l\u2019aube du second tour des \u00e9lections pr\u00e9sidentielles je suis comme au creux d\u2019une vague de d\u00e9sespoir, m\u00eame si nous sommes \u00e0 peu pr\u00e8s la moiti\u00e9 \u00e0 ne pas vouloir de celui qui est en haut des sondages. J\u2019\u00e9prouve une profonde solitude. La faible part de celles et ceux qui donneront une majorit\u00e9 isolent un camp ou un autre. L\u2019espoir possible serait l\u2019id\u00e9e<\/p>\n<div class=\"belowpost\"><a class=\"btnmore\" href=\"http:\/\/felipemartinez.fr\/?p=5\">Suite<\/a><\/div>\n","protected":false},"author":1,"featured_media":0,"comment_status":"open","ping_status":"open","sticky":false,"template":"","format":"standard","meta":{"pgc_sgb_lightbox_settings":"","footnotes":""},"categories":[1],"tags":[],"class_list":["post-5","post","type-post","status-publish","format-standard","hentry","category-non-classe"],"yoast_head":"<!-- This site is optimized with the Yoast SEO plugin v20.0 - https:\/\/yoast.com\/wordpress\/plugins\/seo\/ -->\n<title>Printemps 2022 - Felipe Martinez<\/title>\n<meta name=\"robots\" content=\"index, follow, max-snippet:-1, max-image-preview:large, max-video-preview:-1\" \/>\n<link rel=\"canonical\" href=\"http:\/\/felipemartinez.fr\/?p=5\" \/>\n<meta property=\"og:locale\" content=\"fr_FR\" \/>\n<meta property=\"og:type\" content=\"article\" \/>\n<meta property=\"og:title\" content=\"Printemps 2022 - Felipe Martinez\" \/>\n<meta property=\"og:description\" content=\"En \u00e9cho du mois de mai 2007&#8230; \u00c0 l\u2019aube du second tour des \u00e9lections pr\u00e9sidentielles je suis comme au creux d\u2019une vague de d\u00e9sespoir, m\u00eame si nous sommes \u00e0 peu pr\u00e8s la moiti\u00e9 \u00e0 ne pas vouloir de celui qui est en haut des sondages. J\u2019\u00e9prouve une profonde solitude. La faible part de celles et ceux qui donneront une majorit\u00e9 isolent un camp ou un autre. L\u2019espoir possible serait l\u2019id\u00e9eSuite\" \/>\n<meta property=\"og:url\" content=\"http:\/\/felipemartinez.fr\/?p=5\" \/>\n<meta property=\"og:site_name\" content=\"Felipe Martinez\" \/>\n<meta property=\"article:publisher\" content=\"https:\/\/www.facebook.com\/felipe.martinez.522066\" \/>\n<meta property=\"article:published_time\" content=\"2022-05-04T17:07:35+00:00\" \/>\n<meta property=\"article:modified_time\" content=\"2022-11-09T22:30:53+00:00\" \/>\n<meta name=\"author\" content=\"felipe-m\" \/>\n<meta name=\"twitter:card\" content=\"summary_large_image\" \/>\n<meta name=\"twitter:creator\" content=\"@FelipMartnz\" \/>\n<meta name=\"twitter:site\" content=\"@FelipMartnz\" \/>\n<meta name=\"twitter:label1\" content=\"\u00c9crit par\" \/>\n\t<meta name=\"twitter:data1\" content=\"felipe-m\" \/>\n\t<meta name=\"twitter:label2\" content=\"Dur\u00e9e de lecture estim\u00e9e\" \/>\n\t<meta name=\"twitter:data2\" content=\"1 minute\" \/>\n<script type=\"application\/ld+json\" class=\"yoast-schema-graph\">{\"@context\":\"https:\/\/schema.org\",\"@graph\":[{\"@type\":\"WebPage\",\"@id\":\"http:\/\/felipemartinez.fr\/?p=5\",\"url\":\"http:\/\/felipemartinez.fr\/?p=5\",\"name\":\"Printemps 2022 - Felipe Martinez\",\"isPartOf\":{\"@id\":\"https:\/\/felipemartinez.fr\/#website\"},\"datePublished\":\"2022-05-04T17:07:35+00:00\",\"dateModified\":\"2022-11-09T22:30:53+00:00\",\"author\":{\"@id\":\"https:\/\/felipemartinez.fr\/#\/schema\/person\/15d5e946fbdcfdc83e04ea27536665d9\"},\"breadcrumb\":{\"@id\":\"http:\/\/felipemartinez.fr\/?p=5#breadcrumb\"},\"inLanguage\":\"fr-FR\",\"potentialAction\":[{\"@type\":\"ReadAction\",\"target\":[\"http:\/\/felipemartinez.fr\/?p=5\"]}]},{\"@type\":\"BreadcrumbList\",\"@id\":\"http:\/\/felipemartinez.fr\/?p=5#breadcrumb\",\"itemListElement\":[{\"@type\":\"ListItem\",\"position\":1,\"name\":\"Accueil\",\"item\":\"https:\/\/felipemartinez.fr\/\"},{\"@type\":\"ListItem\",\"position\":2,\"name\":\"Printemps 2022\"}]},{\"@type\":\"WebSite\",\"@id\":\"https:\/\/felipemartinez.fr\/#website\",\"url\":\"https:\/\/felipemartinez.fr\/\",\"name\":\"Felipe Martinez\",\"description\":\"\",\"potentialAction\":[{\"@type\":\"SearchAction\",\"target\":{\"@type\":\"EntryPoint\",\"urlTemplate\":\"https:\/\/felipemartinez.fr\/?s={search_term_string}\"},\"query-input\":\"required name=search_term_string\"}],\"inLanguage\":\"fr-FR\"},{\"@type\":\"Person\",\"@id\":\"https:\/\/felipemartinez.fr\/#\/schema\/person\/15d5e946fbdcfdc83e04ea27536665d9\",\"name\":\"felipe-m\",\"image\":{\"@type\":\"ImageObject\",\"inLanguage\":\"fr-FR\",\"@id\":\"https:\/\/felipemartinez.fr\/#\/schema\/person\/image\/\",\"url\":\"https:\/\/secure.gravatar.com\/avatar\/5635ae1f422a1d6b6a1a1b297399c45d00fceec1fc629b1e77beca4e92ab3ec2?s=96&d=mm&r=g\",\"contentUrl\":\"https:\/\/secure.gravatar.com\/avatar\/5635ae1f422a1d6b6a1a1b297399c45d00fceec1fc629b1e77beca4e92ab3ec2?s=96&d=mm&r=g\",\"caption\":\"felipe-m\"},\"sameAs\":[\"http:\/\/felipemartinez.fr\"],\"url\":\"http:\/\/felipemartinez.fr\/?author=1\"}]}<\/script>\n<!-- \/ Yoast SEO plugin. -->","yoast_head_json":{"title":"Printemps 2022 - Felipe Martinez","robots":{"index":"index","follow":"follow","max-snippet":"max-snippet:-1","max-image-preview":"max-image-preview:large","max-video-preview":"max-video-preview:-1"},"canonical":"http:\/\/felipemartinez.fr\/?p=5","og_locale":"fr_FR","og_type":"article","og_title":"Printemps 2022 - Felipe Martinez","og_description":"En \u00e9cho du mois de mai 2007&#8230; \u00c0 l\u2019aube du second tour des \u00e9lections pr\u00e9sidentielles je suis comme au creux d\u2019une vague de d\u00e9sespoir, m\u00eame si nous sommes \u00e0 peu pr\u00e8s la moiti\u00e9 \u00e0 ne pas vouloir de celui qui est en haut des sondages. J\u2019\u00e9prouve une profonde solitude. La faible part de celles et ceux qui donneront une majorit\u00e9 isolent un camp ou un autre. L\u2019espoir possible serait l\u2019id\u00e9eSuite","og_url":"http:\/\/felipemartinez.fr\/?p=5","og_site_name":"Felipe Martinez","article_publisher":"https:\/\/www.facebook.com\/felipe.martinez.522066","article_published_time":"2022-05-04T17:07:35+00:00","article_modified_time":"2022-11-09T22:30:53+00:00","author":"felipe-m","twitter_card":"summary_large_image","twitter_creator":"@FelipMartnz","twitter_site":"@FelipMartnz","twitter_misc":{"\u00c9crit par":"felipe-m","Dur\u00e9e de lecture estim\u00e9e":"1 minute"},"schema":{"@context":"https:\/\/schema.org","@graph":[{"@type":"WebPage","@id":"http:\/\/felipemartinez.fr\/?p=5","url":"http:\/\/felipemartinez.fr\/?p=5","name":"Printemps 2022 - Felipe Martinez","isPartOf":{"@id":"https:\/\/felipemartinez.fr\/#website"},"datePublished":"2022-05-04T17:07:35+00:00","dateModified":"2022-11-09T22:30:53+00:00","author":{"@id":"https:\/\/felipemartinez.fr\/#\/schema\/person\/15d5e946fbdcfdc83e04ea27536665d9"},"breadcrumb":{"@id":"http:\/\/felipemartinez.fr\/?p=5#breadcrumb"},"inLanguage":"fr-FR","potentialAction":[{"@type":"ReadAction","target":["http:\/\/felipemartinez.fr\/?p=5"]}]},{"@type":"BreadcrumbList","@id":"http:\/\/felipemartinez.fr\/?p=5#breadcrumb","itemListElement":[{"@type":"ListItem","position":1,"name":"Accueil","item":"https:\/\/felipemartinez.fr\/"},{"@type":"ListItem","position":2,"name":"Printemps 2022"}]},{"@type":"WebSite","@id":"https:\/\/felipemartinez.fr\/#website","url":"https:\/\/felipemartinez.fr\/","name":"Felipe Martinez","description":"","potentialAction":[{"@type":"SearchAction","target":{"@type":"EntryPoint","urlTemplate":"https:\/\/felipemartinez.fr\/?s={search_term_string}"},"query-input":"required name=search_term_string"}],"inLanguage":"fr-FR"},{"@type":"Person","@id":"https:\/\/felipemartinez.fr\/#\/schema\/person\/15d5e946fbdcfdc83e04ea27536665d9","name":"felipe-m","image":{"@type":"ImageObject","inLanguage":"fr-FR","@id":"https:\/\/felipemartinez.fr\/#\/schema\/person\/image\/","url":"https:\/\/secure.gravatar.com\/avatar\/5635ae1f422a1d6b6a1a1b297399c45d00fceec1fc629b1e77beca4e92ab3ec2?s=96&d=mm&r=g","contentUrl":"https:\/\/secure.gravatar.com\/avatar\/5635ae1f422a1d6b6a1a1b297399c45d00fceec1fc629b1e77beca4e92ab3ec2?s=96&d=mm&r=g","caption":"felipe-m"},"sameAs":["http:\/\/felipemartinez.fr"],"url":"http:\/\/felipemartinez.fr\/?author=1"}]}},"_links":{"self":[{"href":"http:\/\/felipemartinez.fr\/index.php?rest_route=\/wp\/v2\/posts\/5","targetHints":{"allow":["GET"]}}],"collection":[{"href":"http:\/\/felipemartinez.fr\/index.php?rest_route=\/wp\/v2\/posts"}],"about":[{"href":"http:\/\/felipemartinez.fr\/index.php?rest_route=\/wp\/v2\/types\/post"}],"author":[{"embeddable":true,"href":"http:\/\/felipemartinez.fr\/index.php?rest_route=\/wp\/v2\/users\/1"}],"replies":[{"embeddable":true,"href":"http:\/\/felipemartinez.fr\/index.php?rest_route=%2Fwp%2Fv2%2Fcomments&post=5"}],"version-history":[{"count":6,"href":"http:\/\/felipemartinez.fr\/index.php?rest_route=\/wp\/v2\/posts\/5\/revisions"}],"predecessor-version":[{"id":1063,"href":"http:\/\/felipemartinez.fr\/index.php?rest_route=\/wp\/v2\/posts\/5\/revisions\/1063"}],"wp:attachment":[{"href":"http:\/\/felipemartinez.fr\/index.php?rest_route=%2Fwp%2Fv2%2Fmedia&parent=5"}],"wp:term":[{"taxonomy":"category","embeddable":true,"href":"http:\/\/felipemartinez.fr\/index.php?rest_route=%2Fwp%2Fv2%2Fcategories&post=5"},{"taxonomy":"post_tag","embeddable":true,"href":"http:\/\/felipemartinez.fr\/index.php?rest_route=%2Fwp%2Fv2%2Ftags&post=5"}],"curies":[{"name":"wp","href":"https:\/\/api.w.org\/{rel}","templated":true}]}}